{"id":2721,"date":"2026-09-02T15:14:31","date_gmt":"2026-09-02T13:14:31","guid":{"rendered":"https:\/\/initiativprojekte.blogs.ruhr-uni-bochum.de\/Startseite\/?p=2721"},"modified":"2026-09-02T15:14:31","modified_gmt":"2026-09-02T13:14:31","slug":"11-konferenz-fuer-studentische-forschung","status":"publish","type":"post","link":"https:\/\/initiativprojekte.blogs.ruhr-uni-bochum.de\/Startseite\/11-konferenz-fuer-studentische-forschung\/","title":{"rendered":"11. Konferenz f\u00fcr studentische Forschung"},"content":{"rendered":"\n<h2 class=\"wp-block-heading has-text-color has-medium-font-size\" style=\"color:#8dae10;text-transform:uppercase\">Raus aus der Schublade &#8211; Rein in den Dialog<\/h2>\n\n\n\n<p class=\"has-text-color wp-block-paragraph\" style=\"color:#17365c\"><strong>Wann: <strong>24.\u201325. September 2026<\/strong><br>Wo: Georg-August-Universit\u00e4t G\u00f6ttingen<br>Wer: <strong>Studierende<\/strong><\/strong><\/p>\n\n\n\n<h3 class=\"wp-block-heading has-text-color has-link-color wp-elements-1\" style=\"color:#17365c\">Studentische Forschung im Fokus<\/h3>\n\n\n\n<div class=\"wp-block-genesis-blocks-gb-spacer gb-block-spacer gb-divider-solid gb-divider-size-1\" style=\"color:#ddd\"><hr style=\"height:4px\"\/><\/div>\n\n\n\n<p class=\"has-text-color has-link-color wp-elements-2 wp-block-paragraph\" style=\"color:#17365c\">Die Universit\u00e4t G\u00f6ttingen hat Studierende aller Fachrichtungen und Hochschulen herzlich dazu eingeladen, ihre Forschungsergebnisse einem breiten Publikum vorzustellen. Nachdem 100 Beitr\u00e4ge eingereicht wurden steht nun das Programm fest. Es sind auch einige Studierende der RUB vertreten.<\/p>\n\n\n\n<p class=\"has-text-color has-link-color wp-elements-3 wp-block-paragraph\" style=\"color:#17365c\"><strong>Veranstaltungsseite<\/strong>: <a href=\"https:\/\/www.uni-goettingen.de\/de\/stufo+2026\/700648.html\">https:\/\/www.uni-goettingen.de\/de\/stufo+2026\/700648.html<\/a><\/p>\n\n\n\n<p class=\"has-text-align-right wp-block-paragraph\">\u00a9 Fotorechte Universit\u00e4t G\u00f6ttingen<\/p>\n\n\n\n<div style=\"height:29px\" aria-hidden=\"true\" class=\"wp-block-spacer\"><\/div>\n\n\n\n<p class=\"wp-block-paragraph\"><\/p>\n","protected":false},"excerpt":{"rendered":"<p>Raus aus der Schublade &#8211; Rein in den Dialog Wann: 24.\u201325. September 2026Wo: Georg-August-Universit\u00e4t G\u00f6ttingenWer: Studierende Studentische Forschung im Fokus Die Universit\u00e4t G\u00f6ttingen hat Studierende aller Fachrichtungen und Hochschulen herzlich &#8230;<\/p>\n","protected":false},"author":2,"featured_media":2722,"comment_status":"closed","ping_status":"closed","sticky":false,"template":"","format":"standard","meta":{"footnotes":""},"categories":[1,38,44],"tags":[47],"class_list":["post-2721","post","type-post","status-publish","format-standard","has-post-thumbnail","hentry","category-allgemein","category-konferenzen","category-praxis","tag-termine-und-veranstaltungen"],"yoast_head":"<!-- This site is optimized with the Yoast SEO plugin v28.4 - https:\/\/yoast.com\/product\/yoast-seo-wordpress\/ -->\n<title>11. Konferenz f\u00fcr studentische Forschung - Studentische Initiativprojekte<\/title>\n<meta name=\"robots\" content=\"index, follow, max-snippet:-1, max-image-preview:large, max-video-preview:-1\" \/>\n<link rel=\"canonical\" href=\"https:\/\/initiativprojekte.blogs.ruhr-uni-bochum.de\/Startseite\/11-konferenz-fuer-studentische-forschung\/\" \/>\n<meta property=\"og:locale\" content=\"de_DE\" \/>\n<meta property=\"og:type\" content=\"article\" \/>\n<meta property=\"og:title\" content=\"11. Konferenz f\u00fcr studentische Forschung - Studentische Initiativprojekte\" \/>\n<meta property=\"og:description\" content=\"Raus aus der Schublade &#8211; Rein in den Dialog Wann: 24.\u201325. September 2026Wo: Georg-August-Universit\u00e4t G\u00f6ttingenWer: Studierende Studentische Forschung im Fokus Die Universit\u00e4t G\u00f6ttingen hat Studierende aller Fachrichtungen und Hochschulen herzlich ...\" \/>\n<meta property=\"og:url\" content=\"https:\/\/initiativprojekte.blogs.ruhr-uni-bochum.de\/Startseite\/11-konferenz-fuer-studentische-forschung\/\" \/>\n<meta property=\"og:site_name\" content=\"Studentische Initiativprojekte\" \/>\n<meta property=\"article:published_time\" content=\"2026-09-02T13:14:31+00:00\" \/>\n<meta property=\"og:image\" content=\"https:\/\/Initiativprojekte.blogs.ruhr-uni-bochum.de\/wp-content\/uploads\/2026\/06\/IMG_0005.jpeg\" \/>\n\t<meta property=\"og:image:width\" content=\"750\" \/>\n\t<meta property=\"og:image:height\" content=\"347\" \/>\n\t<meta property=\"og:image:type\" content=\"image\/jpeg\" \/>\n<meta name=\"author\" content=\"XKombi-Dienst stud-Lehrprojekte\" \/>\n<meta name=\"twitter:card\" content=\"summary_large_image\" \/>\n<meta name=\"twitter:label1\" content=\"Verfasst von\" \/>\n\t<meta name=\"twitter:data1\" content=\"XKombi-Dienst stud-Lehrprojekte\" \/>\n\t<meta name=\"twitter:label2\" content=\"Gesch\u00e4tzte Lesezeit\" \/>\n\t<meta name=\"twitter:data2\" content=\"1\u00a0Minute\" \/>\n<script type=\"application\/ld+json\" class=\"yoast-schema-graph\">{\"@context\":\"https:\\\/\\\/schema.org\",\"@graph\":[{\"@type\":\"Article\",\"@id\":\"https:\\\/\\\/initiativprojekte.blogs.ruhr-uni-bochum.de\\\/Startseite\\\/11-konferenz-fuer-studentische-forschung\\\/#article\",\"isPartOf\":{\"@id\":\"https:\\\/\\\/initiativprojekte.blogs.ruhr-uni-bochum.de\\\/Startseite\\\/11-konferenz-fuer-studentische-forschung\\\/\"},\"author\":{\"name\":\"XKombi-Dienst stud-Lehrprojekte\",\"@id\":\"https:\\\/\\\/initiativprojekte.blogs.ruhr-uni-bochum.de\\\/Startseite\\\/#\\\/schema\\\/person\\\/f90620d00f7830846fee10773a28994c\"},\"headline\":\"11. Konferenz f\u00fcr studentische Forschung\",\"datePublished\":\"2026-09-02T13:14:31+00:00\",\"mainEntityOfPage\":{\"@id\":\"https:\\\/\\\/initiativprojekte.blogs.ruhr-uni-bochum.de\\\/Startseite\\\/11-konferenz-fuer-studentische-forschung\\\/\"},\"wordCount\":77,\"publisher\":{\"@id\":\"https:\\\/\\\/initiativprojekte.blogs.ruhr-uni-bochum.de\\\/Startseite\\\/#organization\"},\"image\":{\"@id\":\"https:\\\/\\\/initiativprojekte.blogs.ruhr-uni-bochum.de\\\/Startseite\\\/11-konferenz-fuer-studentische-forschung\\\/#primaryimage\"},\"thumbnailUrl\":\"https:\\\/\\\/Initiativprojekte.blogs.ruhr-uni-bochum.de\\\/wp-content\\\/uploads\\\/2026\\\/06\\\/IMG_0005.jpeg\",\"keywords\":[\"Termine und Veranstaltungen\"],\"articleSection\":{\"1\":\"Konferenzen\",\"2\":\"Praxis\"},\"inLanguage\":\"de\"},{\"@type\":\"WebPage\",\"@id\":\"https:\\\/\\\/initiativprojekte.blogs.ruhr-uni-bochum.de\\\/Startseite\\\/11-konferenz-fuer-studentische-forschung\\\/\",\"url\":\"https:\\\/\\\/initiativprojekte.blogs.ruhr-uni-bochum.de\\\/Startseite\\\/11-konferenz-fuer-studentische-forschung\\\/\",\"name\":\"11. Konferenz f\u00fcr studentische Forschung - Studentische Initiativprojekte\",\"isPartOf\":{\"@id\":\"https:\\\/\\\/initiativprojekte.blogs.ruhr-uni-bochum.de\\\/Startseite\\\/#website\"},\"primaryImageOfPage\":{\"@id\":\"https:\\\/\\\/initiativprojekte.blogs.ruhr-uni-bochum.de\\\/Startseite\\\/11-konferenz-fuer-studentische-forschung\\\/#primaryimage\"},\"image\":{\"@id\":\"https:\\\/\\\/initiativprojekte.blogs.ruhr-uni-bochum.de\\\/Startseite\\\/11-konferenz-fuer-studentische-forschung\\\/#primaryimage\"},\"thumbnailUrl\":\"https:\\\/\\\/Initiativprojekte.blogs.ruhr-uni-bochum.de\\\/wp-content\\\/uploads\\\/2026\\\/06\\\/IMG_0005.jpeg\",\"datePublished\":\"2026-09-02T13:14:31+00:00\",\"breadcrumb\":{\"@id\":\"https:\\\/\\\/initiativprojekte.blogs.ruhr-uni-bochum.de\\\/Startseite\\\/11-konferenz-fuer-studentische-forschung\\\/#breadcrumb\"},\"inLanguage\":\"de\",\"potentialAction\":[{\"@type\":\"ReadAction\",\"target\":[\"https:\\\/\\\/initiativprojekte.blogs.ruhr-uni-bochum.de\\\/Startseite\\\/11-konferenz-fuer-studentische-forschung\\\/\"]}]},{\"@type\":\"ImageObject\",\"inLanguage\":\"de\",\"@id\":\"https:\\\/\\\/initiativprojekte.blogs.ruhr-uni-bochum.de\\\/Startseite\\\/11-konferenz-fuer-studentische-forschung\\\/#primaryimage\",\"url\":\"https:\\\/\\\/Initiativprojekte.blogs.ruhr-uni-bochum.de\\\/wp-content\\\/uploads\\\/2026\\\/06\\\/IMG_0005.jpeg\",\"contentUrl\":\"https:\\\/\\\/Initiativprojekte.blogs.ruhr-uni-bochum.de\\\/wp-content\\\/uploads\\\/2026\\\/06\\\/IMG_0005.jpeg\",\"width\":750,\"height\":347},{\"@type\":\"BreadcrumbList\",\"@id\":\"https:\\\/\\\/initiativprojekte.blogs.ruhr-uni-bochum.de\\\/Startseite\\\/11-konferenz-fuer-studentische-forschung\\\/#breadcrumb\",\"itemListElement\":[{\"@type\":\"ListItem\",\"position\":1,\"name\":\"Startseite\",\"item\":\"https:\\\/\\\/initiativprojekte.blogs.ruhr-uni-bochum.de\\\/Startseite\\\/\"},{\"@type\":\"ListItem\",\"position\":2,\"name\":\"11. Konferenz f\u00fcr studentische Forschung\"}]},{\"@type\":\"WebSite\",\"@id\":\"https:\\\/\\\/initiativprojekte.blogs.ruhr-uni-bochum.de\\\/Startseite\\\/#website\",\"url\":\"https:\\\/\\\/initiativprojekte.blogs.ruhr-uni-bochum.de\\\/Startseite\\\/\",\"name\":\"Studentische Initiativprojekte\",\"description\":\"In der Lehre\",\"publisher\":{\"@id\":\"https:\\\/\\\/initiativprojekte.blogs.ruhr-uni-bochum.de\\\/Startseite\\\/#organization\"},\"potentialAction\":[{\"@type\":\"SearchAction\",\"target\":{\"@type\":\"EntryPoint\",\"urlTemplate\":\"https:\\\/\\\/initiativprojekte.blogs.ruhr-uni-bochum.de\\\/Startseite\\\/?s={search_term_string}\"},\"query-input\":{\"@type\":\"PropertyValueSpecification\",\"valueRequired\":true,\"valueName\":\"search_term_string\"}}],\"inLanguage\":\"de\"},{\"@type\":\"Organization\",\"@id\":\"https:\\\/\\\/initiativprojekte.blogs.ruhr-uni-bochum.de\\\/Startseite\\\/#organization\",\"name\":\"Studentische Initiativprojekte\",\"url\":\"https:\\\/\\\/initiativprojekte.blogs.ruhr-uni-bochum.de\\\/Startseite\\\/\",\"logo\":{\"@type\":\"ImageObject\",\"inLanguage\":\"de\",\"@id\":\"https:\\\/\\\/initiativprojekte.blogs.ruhr-uni-bochum.de\\\/Startseite\\\/#\\\/schema\\\/logo\\\/image\\\/\",\"url\":\"https:\\\/\\\/Initiativprojekte.blogs.ruhr-uni-bochum.de\\\/wp-content\\\/uploads\\\/2023\\\/06\\\/Logo_Studentische-Initiativprojekte_RUB_Pfad_final_RGB_Webseite-2-e1686670073199.png\",\"contentUrl\":\"https:\\\/\\\/Initiativprojekte.blogs.ruhr-uni-bochum.de\\\/wp-content\\\/uploads\\\/2023\\\/06\\\/Logo_Studentische-Initiativprojekte_RUB_Pfad_final_RGB_Webseite-2-e1686670073199.png\",\"width\":250,\"height\":81,\"caption\":\"Studentische Initiativprojekte\"},\"image\":{\"@id\":\"https:\\\/\\\/initiativprojekte.blogs.ruhr-uni-bochum.de\\\/Startseite\\\/#\\\/schema\\\/logo\\\/image\\\/\"}},{\"@type\":\"Person\",\"@id\":\"https:\\\/\\\/initiativprojekte.blogs.ruhr-uni-bochum.de\\\/Startseite\\\/#\\\/schema\\\/person\\\/f90620d00f7830846fee10773a28994c\",\"name\":\"XKombi-Dienst stud-Lehrprojekte\",\"image\":{\"@type\":\"ImageObject\",\"inLanguage\":\"de\",\"@id\":\"https:\\\/\\\/secure.gravatar.com\\\/avatar\\\/3e82931c5048d1d9d679b0683b122314cbf235d8fea204572ce2120a4a1d1f54?s=96&d=mm&r=g\",\"url\":\"https:\\\/\\\/secure.gravatar.com\\\/avatar\\\/3e82931c5048d1d9d679b0683b122314cbf235d8fea204572ce2120a4a1d1f54?s=96&d=mm&r=g\",\"contentUrl\":\"https:\\\/\\\/secure.gravatar.com\\\/avatar\\\/3e82931c5048d1d9d679b0683b122314cbf235d8fea204572ce2120a4a1d1f54?s=96&d=mm&r=g\",\"caption\":\"XKombi-Dienst stud-Lehrprojekte\"},\"url\":\"https:\\\/\\\/initiativprojekte.blogs.ruhr-uni-bochum.de\\\/Startseite\\\/author\\\/studlxz5\\\/\"}]}<\/script>\n<!-- \/ Yoast SEO plugin. -->","yoast_head_json":{"title":"11. Konferenz f\u00fcr studentische Forschung - Studentische Initiativprojekte","robots":{"index":"index","follow":"follow","max-snippet":"max-snippet:-1","max-image-preview":"max-image-preview:large","max-video-preview":"max-video-preview:-1"},"canonical":"https:\/\/initiativprojekte.blogs.ruhr-uni-bochum.de\/Startseite\/11-konferenz-fuer-studentische-forschung\/","og_locale":"de_DE","og_type":"article","og_title":"11. Konferenz f\u00fcr studentische Forschung - Studentische Initiativprojekte","og_description":"Raus aus der Schublade &#8211; Rein in den Dialog Wann: 24.\u201325. September 2026Wo: Georg-August-Universit\u00e4t G\u00f6ttingenWer: Studierende Studentische Forschung im Fokus Die Universit\u00e4t G\u00f6ttingen hat Studierende aller Fachrichtungen und Hochschulen herzlich ...","og_url":"https:\/\/initiativprojekte.blogs.ruhr-uni-bochum.de\/Startseite\/11-konferenz-fuer-studentische-forschung\/","og_site_name":"Studentische Initiativprojekte","article_published_time":"2026-09-02T13:14:31+00:00","og_image":[{"width":750,"height":347,"url":"https:\/\/Initiativprojekte.blogs.ruhr-uni-bochum.de\/wp-content\/uploads\/2026\/06\/IMG_0005.jpeg","type":"image\/jpeg"}],"author":"XKombi-Dienst stud-Lehrprojekte","twitter_card":"summary_large_image","twitter_misc":{"Verfasst von":"XKombi-Dienst stud-Lehrprojekte","Gesch\u00e4tzte Lesezeit":"1\u00a0Minute"},"schema":{"@context":"https:\/\/schema.org","@graph":[{"@type":"Article","@id":"https:\/\/initiativprojekte.blogs.ruhr-uni-bochum.de\/Startseite\/11-konferenz-fuer-studentische-forschung\/#article","isPartOf":{"@id":"https:\/\/initiativprojekte.blogs.ruhr-uni-bochum.de\/Startseite\/11-konferenz-fuer-studentische-forschung\/"},"author":{"name":"XKombi-Dienst stud-Lehrprojekte","@id":"https:\/\/initiativprojekte.blogs.ruhr-uni-bochum.de\/Startseite\/#\/schema\/person\/f90620d00f7830846fee10773a28994c"},"headline":"11. Konferenz f\u00fcr studentische Forschung","datePublished":"2026-09-02T13:14:31+00:00","mainEntityOfPage":{"@id":"https:\/\/initiativprojekte.blogs.ruhr-uni-bochum.de\/Startseite\/11-konferenz-fuer-studentische-forschung\/"},"wordCount":77,"publisher":{"@id":"https:\/\/initiativprojekte.blogs.ruhr-uni-bochum.de\/Startseite\/#organization"},"image":{"@id":"https:\/\/initiativprojekte.blogs.ruhr-uni-bochum.de\/Startseite\/11-konferenz-fuer-studentische-forschung\/#primaryimage"},"thumbnailUrl":"https:\/\/Initiativprojekte.blogs.ruhr-uni-bochum.de\/wp-content\/uploads\/2026\/06\/IMG_0005.jpeg","keywords":["Termine und Veranstaltungen"],"articleSection":{"1":"Konferenzen","2":"Praxis"},"inLanguage":"de"},{"@type":"WebPage","@id":"https:\/\/initiativprojekte.blogs.ruhr-uni-bochum.de\/Startseite\/11-konferenz-fuer-studentische-forschung\/","url":"https:\/\/initiativprojekte.blogs.ruhr-uni-bochum.de\/Startseite\/11-konferenz-fuer-studentische-forschung\/","name":"11. Konferenz f\u00fcr studentische Forschung - Studentische Initiativprojekte","isPartOf":{"@id":"https:\/\/initiativprojekte.blogs.ruhr-uni-bochum.de\/Startseite\/#website"},"primaryImageOfPage":{"@id":"https:\/\/initiativprojekte.blogs.ruhr-uni-bochum.de\/Startseite\/11-konferenz-fuer-studentische-forschung\/#primaryimage"},"image":{"@id":"https:\/\/initiativprojekte.blogs.ruhr-uni-bochum.de\/Startseite\/11-konferenz-fuer-studentische-forschung\/#primaryimage"},"thumbnailUrl":"https:\/\/Initiativprojekte.blogs.ruhr-uni-bochum.de\/wp-content\/uploads\/2026\/06\/IMG_0005.jpeg","datePublished":"2026-09-02T13:14:31+00:00","breadcrumb":{"@id":"https:\/\/initiativprojekte.blogs.ruhr-uni-bochum.de\/Startseite\/11-konferenz-fuer-studentische-forschung\/#breadcrumb"},"inLanguage":"de","potentialAction":[{"@type":"ReadAction","target":["https:\/\/initiativprojekte.blogs.ruhr-uni-bochum.de\/Startseite\/11-konferenz-fuer-studentische-forschung\/"]}]},{"@type":"ImageObject","inLanguage":"de","@id":"https:\/\/initiativprojekte.blogs.ruhr-uni-bochum.de\/Startseite\/11-konferenz-fuer-studentische-forschung\/#primaryimage","url":"https:\/\/Initiativprojekte.blogs.ruhr-uni-bochum.de\/wp-content\/uploads\/2026\/06\/IMG_0005.jpeg","contentUrl":"https:\/\/Initiativprojekte.blogs.ruhr-uni-bochum.de\/wp-content\/uploads\/2026\/06\/IMG_0005.jpeg","width":750,"height":347},{"@type":"BreadcrumbList","@id":"https:\/\/initiativprojekte.blogs.ruhr-uni-bochum.de\/Startseite\/11-konferenz-fuer-studentische-forschung\/#breadcrumb","itemListElement":[{"@type":"ListItem","position":1,"name":"Startseite","item":"https:\/\/initiativprojekte.blogs.ruhr-uni-bochum.de\/Startseite\/"},{"@type":"ListItem","position":2,"name":"11. Konferenz f\u00fcr studentische Forschung"}]},{"@type":"WebSite","@id":"https:\/\/initiativprojekte.blogs.ruhr-uni-bochum.de\/Startseite\/#website","url":"https:\/\/initiativprojekte.blogs.ruhr-uni-bochum.de\/Startseite\/","name":"Studentische Initiativprojekte","description":"In der Lehre","publisher":{"@id":"https:\/\/initiativprojekte.blogs.ruhr-uni-bochum.de\/Startseite\/#organization"},"potentialAction":[{"@type":"SearchAction","target":{"@type":"EntryPoint","urlTemplate":"https:\/\/initiativprojekte.blogs.ruhr-uni-bochum.de\/Startseite\/?s={search_term_string}"},"query-input":{"@type":"PropertyValueSpecification","valueRequired":true,"valueName":"search_term_string"}}],"inLanguage":"de"},{"@type":"Organization","@id":"https:\/\/initiativprojekte.blogs.ruhr-uni-bochum.de\/Startseite\/#organization","name":"Studentische Initiativprojekte","url":"https:\/\/initiativprojekte.blogs.ruhr-uni-bochum.de\/Startseite\/","logo":{"@type":"ImageObject","inLanguage":"de","@id":"https:\/\/initiativprojekte.blogs.ruhr-uni-bochum.de\/Startseite\/#\/schema\/logo\/image\/","url":"https:\/\/Initiativprojekte.blogs.ruhr-uni-bochum.de\/wp-content\/uploads\/2023\/06\/Logo_Studentische-Initiativprojekte_RUB_Pfad_final_RGB_Webseite-2-e1686670073199.png","contentUrl":"https:\/\/Initiativprojekte.blogs.ruhr-uni-bochum.de\/wp-content\/uploads\/2023\/06\/Logo_Studentische-Initiativprojekte_RUB_Pfad_final_RGB_Webseite-2-e1686670073199.png","width":250,"height":81,"caption":"Studentische Initiativprojekte"},"image":{"@id":"https:\/\/initiativprojekte.blogs.ruhr-uni-bochum.de\/Startseite\/#\/schema\/logo\/image\/"}},{"@type":"Person","@id":"https:\/\/initiativprojekte.blogs.ruhr-uni-bochum.de\/Startseite\/#\/schema\/person\/f90620d00f7830846fee10773a28994c","name":"XKombi-Dienst stud-Lehrprojekte","image":{"@type":"ImageObject","inLanguage":"de","@id":"https:\/\/secure.gravatar.com\/avatar\/3e82931c5048d1d9d679b0683b122314cbf235d8fea204572ce2120a4a1d1f54?s=96&d=mm&r=g","url":"https:\/\/secure.gravatar.com\/avatar\/3e82931c5048d1d9d679b0683b122314cbf235d8fea204572ce2120a4a1d1f54?s=96&d=mm&r=g","contentUrl":"https:\/\/secure.gravatar.com\/avatar\/3e82931c5048d1d9d679b0683b122314cbf235d8fea204572ce2120a4a1d1f54?s=96&d=mm&r=g","caption":"XKombi-Dienst stud-Lehrprojekte"},"url":"https:\/\/initiativprojekte.blogs.ruhr-uni-bochum.de\/Startseite\/author\/studlxz5\/"}]}},"featured_image_src":"https:\/\/Initiativprojekte.blogs.ruhr-uni-bochum.de\/wp-content\/uploads\/2026\/06\/IMG_0005-600x347.jpeg","featured_image_src_square":"https:\/\/Initiativprojekte.blogs.ruhr-uni-bochum.de\/wp-content\/uploads\/2026\/06\/IMG_0005-600x347.jpeg","author_info":{"display_name":"XKombi-Dienst stud-Lehrprojekte","author_link":"https:\/\/initiativprojekte.blogs.ruhr-uni-bochum.de\/Startseite\/author\/studlxz5\/"},"_links":{"self":[{"href":"https:\/\/initiativprojekte.blogs.ruhr-uni-bochum.de\/Startseite\/wp-json\/wp\/v2\/posts\/2721","targetHints":{"allow":["GET"]}}],"collection":[{"href":"https:\/\/initiativprojekte.blogs.ruhr-uni-bochum.de\/Startseite\/wp-json\/wp\/v2\/posts"}],"about":[{"href":"https:\/\/initiativprojekte.blogs.ruhr-uni-bochum.de\/Startseite\/wp-json\/wp\/v2\/types\/post"}],"author":[{"embeddable":true,"href":"https:\/\/initiativprojekte.blogs.ruhr-uni-bochum.de\/Startseite\/wp-json\/wp\/v2\/users\/2"}],"replies":[{"embeddable":true,"href":"https:\/\/initiativprojekte.blogs.ruhr-uni-bochum.de\/Startseite\/wp-json\/wp\/v2\/comments?post=2721"}],"version-history":[{"count":3,"href":"https:\/\/initiativprojekte.blogs.ruhr-uni-bochum.de\/Startseite\/wp-json\/wp\/v2\/posts\/2721\/revisions"}],"predecessor-version":[{"id":2751,"href":"https:\/\/initiativprojekte.blogs.ruhr-uni-bochum.de\/Startseite\/wp-json\/wp\/v2\/posts\/2721\/revisions\/2751"}],"wp:featuredmedia":[{"embeddable":true,"href":"https:\/\/initiativprojekte.blogs.ruhr-uni-bochum.de\/Startseite\/wp-json\/wp\/v2\/media\/2722"}],"wp:attachment":[{"href":"https:\/\/initiativprojekte.blogs.ruhr-uni-bochum.de\/Startseite\/wp-json\/wp\/v2\/media?parent=2721"}],"wp:term":[{"taxonomy":"category","embeddable":true,"href":"https:\/\/initiativprojekte.blogs.ruhr-uni-bochum.de\/Startseite\/wp-json\/wp\/v2\/categories?post=2721"},{"taxonomy":"post_tag","embeddable":true,"href":"https:\/\/initiativprojekte.blogs.ruhr-uni-bochum.de\/Startseite\/wp-json\/wp\/v2\/tags?post=2721"}],"curies":[{"name":"wp","href":"https:\/\/api.w.org\/{rel}","templated":true}]}}